{"id":657,"date":"2018-11-14T13:08:34","date_gmt":"2018-11-14T13:08:34","guid":{"rendered":"http:\/\/www.trovavolantini.it\/blog\/?p=657"},"modified":"2018-11-14T13:08:34","modified_gmt":"2018-11-14T13:08:34","slug":"come-nasce-il-black-friday","status":"publish","type":"post","link":"https:\/\/www.trovavolantini.it\/blog\/2018\/11\/14\/come-nasce-il-black-friday\/","title":{"rendered":"Come nasce il Black Friday?"},"content":{"rendered":"<p>Il black friday \u00e8 fissato ogni anno nel primo venerd\u00ec successivo al giorno del Ringraziamento\u00a0e la ricorrenza apre per convenzione la lunga stagione degli acquisti di Natale. Nasce quindi negli stati Uniti ma non \u00e8 certa n\u00e8 la data n\u00e8 il perch\u00e8 nero, l&#8217;unica cosa sicura \u00e8 che si tratta di un venerd\u00ec. Risale ai primi anni &#8217;50, anche se diventa una ricorrenza di massa a partire dal 1975, quando l&#8217;espressione &#8220;black friday&#8221; fa la sua comparsa in un articolo del New York Times. In Italia si parla di Black Friday da appena pochi anni e ogni anno l&#8217;appuntamento si fa sempre pi\u00f9 importante .<\/p>\n<p>Torna a trovarci e scopri la sezione\u00a0<a href=\"http:\/\/www.trovavolantini.it\">Volantini black Friday<\/a>\u00a0sul nostro sito<\/p>\n","protected":false},"excerpt":{"rendered":"<p>Il black friday \u00e8 fissato ogni anno nel primo venerd\u00ec successivo al giorno del Ringraziamento\u00a0e&#8230;<\/p>\n","protected":false},"author":2,"featured_media":0,"comment_status":"closed","ping_status":"open","sticky":false,"template":"","format":"standard","meta":{"footnotes":""},"categories":[7,8],"tags":[55],"class_list":["post-657","post","type-post","status-publish","format-standard","hentry","category-in-evidenza","category-iper-super","tag-black-friday"],"_links":{"self":[{"href":"https:\/\/www.trovavolantini.it\/blog\/wp-json\/wp\/v2\/posts\/657","targetHints":{"allow":["GET"]}}],"collection":[{"href":"https:\/\/www.trovavolantini.it\/blog\/wp-json\/wp\/v2\/posts"}],"about":[{"href":"https:\/\/www.trovavolantini.it\/blog\/wp-json\/wp\/v2\/types\/post"}],"author":[{"embeddable":true,"href":"https:\/\/www.trovavolantini.it\/blog\/wp-json\/wp\/v2\/users\/2"}],"replies":[{"embeddable":true,"href":"https:\/\/www.trovavolantini.it\/blog\/wp-json\/wp\/v2\/comments?post=657"}],"version-history":[{"count":0,"href":"https:\/\/www.trovavolantini.it\/blog\/wp-json\/wp\/v2\/posts\/657\/revisions"}],"wp:attachment":[{"href":"https:\/\/www.trovavolantini.it\/blog\/wp-json\/wp\/v2\/media?parent=657"}],"wp:term":[{"taxonomy":"category","embeddable":true,"href":"https:\/\/www.trovavolantini.it\/blog\/wp-json\/wp\/v2\/categories?post=657"},{"taxonomy":"post_tag","embeddable":true,"href":"https:\/\/www.trovavolantini.it\/blog\/wp-json\/wp\/v2\/tags?post=657"}],"curies":[{"name":"wp","href":"https:\/\/api.w.org\/{rel}","templated":true}]}}