{"id":648,"date":"2017-12-10T14:43:00","date_gmt":"2017-12-10T14:43:00","guid":{"rendered":"http:\/\/www.trovavolantini.it\/blog\/?p=648"},"modified":"2017-12-10T14:43:00","modified_gmt":"2017-12-10T14:43:00","slug":"gioia-del-colle-coop-chiude-per-un-errore-del-comune","status":"publish","type":"post","link":"https:\/\/www.trovavolantini.it\/blog\/2017\/12\/10\/gioia-del-colle-coop-chiude-per-un-errore-del-comune\/","title":{"rendered":"Gioia del Colle, Coop chiude per un \u201cerrore\u201d del Comune"},"content":{"rendered":"<h1>Gioia del Colle, Coop chiude per un \u201cerrore\u201d del Comune. Bozzetti: \u201cLa Regione tuteli i lavoratori\u201d<\/h1>\n<p>\u201cA Gioia Del Colle siamo arrivati al paradosso: per la prima volta molto probabilmente non sar\u00e0 una crisi economica a causare la chiusura di un punto vendita della Coop ed il conseguente licenziamento di numerosi lavoratori, ma lo stesso Comune\u201d lo dichiara il consigliere del Movimento 5 Stelle\u00a0<strong>Gianluca Bozzetti<\/strong>\u00a0vicepresidente della VI Commissione Lavoro, intervenendo sulla vicenda della probabile chiusura del punto vendita Coop di Gioia Del Colle.<\/p>\n<p>Il Comune aveva infatti destinato una struttura commerciale di circa 20.000 mq in un\u2019area che tuttavia era dedicata ai servizi, per queste ragioni una sentenza del\u00a0<strong>Consiglio di Stato<\/strong>\u00a0eccependo un vizio urbanistico pendente sulla zona, aveva richiesto il ritiro della licenza commerciale e la chiusura del punto vendita entro lo scorso\u00a0<strong>15 novembre<\/strong>.<\/p>\n<p>In virt\u00f9 di un riordino generale della rete in Puglia e Basilicata, purtroppo, la Coop ha dichiarato di non avere la possibilit\u00e0 di \u201cspalmare\u201d i dipendenti in altre strutture e, nonostante la stessa abbia gi\u00e0 pagato la cifra sanzionatoria prevista dall\u2019applicazione dell\u2019art. 38 del Testo unico sull\u2019edilizia, ad oggi sembra non avere altra possibilit\u00e0 se non quella di chiudere ogni attivit\u00e0 mettendo a rischio 34 posti di lavoro.<\/p>\n<p>\u201cE\u2019 di primaria importanza \u2013 dichiara Bozzetti \u2013 che l\u2019assessore regionale al Lavoro,\u00a0<strong>Sebastiano Leo<\/strong>, con la collaborazione della Task Force presieduta da\u00a0<strong>Leo Caroli<\/strong>, affronti nel tavolo convocato oggi, il vizio urbanistico pendente sulla zona interessata, valutando in collaborazione con il Comune di Gioia del Colle un eventuale, e quanto mai urgente, Piano Integrato di Rigenerazione Urbana. La tutela dei lavoratori e delle loro famiglie \u00e8 primaria in questa assurda situazione: bisogna valutare attentamente ogni possibile soluzione, ricorrendo eventualmente anche ad adeguati ammortizzatori sociali che possano tutelare i 34 dipendenti su cui pende una procedura di mobilit\u00e0. Allo stesso modo per\u00f2, chi ha sbagliato deve pagare: bisogna individuare le responsabilit\u00e0 tecniche e politiche degli errori del passato dal momento che questa problematica \u00e8 con ogni probabilit\u00e0 figlia di una gestione superficiale e dilettantistica della cosa pubblica che oggi \u2013 conclude \u2013 ha creato una situazione paradossale i cui effetti negativi ricadono, come sempre, sui poveri cittadini e lavoratori\u201d.<\/p>\n<p>fonte: <a href=\"http:\/\/www.pugliain.net\/gioia-coop-chiude-bozzetti-regione-tuteli-lavoratori\/\" target=\"_blank\" rel=\"noopener\">www.pugliain.net<\/a><\/p>\n","protected":false},"excerpt":{"rendered":"<p>Gioia del Colle, Coop chiude per un \u201cerrore\u201d del Comune. Bozzetti: \u201cLa Regione tuteli i&#8230;<\/p>\n","protected":false},"author":2,"featured_media":0,"comment_status":"closed","ping_status":"open","sticky":false,"template":"","format":"standard","meta":{"footnotes":""},"categories":[7,8],"tags":[],"class_list":["post-648","post","type-post","status-publish","format-standard","hentry","category-in-evidenza","category-iper-super"],"_links":{"self":[{"href":"https:\/\/www.trovavolantini.it\/blog\/wp-json\/wp\/v2\/posts\/648","targetHints":{"allow":["GET"]}}],"collection":[{"href":"https:\/\/www.trovavolantini.it\/blog\/wp-json\/wp\/v2\/posts"}],"about":[{"href":"https:\/\/www.trovavolantini.it\/blog\/wp-json\/wp\/v2\/types\/post"}],"author":[{"embeddable":true,"href":"https:\/\/www.trovavolantini.it\/blog\/wp-json\/wp\/v2\/users\/2"}],"replies":[{"embeddable":true,"href":"https:\/\/www.trovavolantini.it\/blog\/wp-json\/wp\/v2\/comments?post=648"}],"version-history":[{"count":0,"href":"https:\/\/www.trovavolantini.it\/blog\/wp-json\/wp\/v2\/posts\/648\/revisions"}],"wp:attachment":[{"href":"https:\/\/www.trovavolantini.it\/blog\/wp-json\/wp\/v2\/media?parent=648"}],"wp:term":[{"taxonomy":"category","embeddable":true,"href":"https:\/\/www.trovavolantini.it\/blog\/wp-json\/wp\/v2\/categories?post=648"},{"taxonomy":"post_tag","embeddable":true,"href":"https:\/\/www.trovavolantini.it\/blog\/wp-json\/wp\/v2\/tags?post=648"}],"curies":[{"name":"wp","href":"https:\/\/api.w.org\/{rel}","templated":true}]}}